{"id":1349,"date":"2019-01-25T18:41:24","date_gmt":"2019-01-25T17:41:24","guid":{"rendered":"https:\/\/www.socaconsult.com\/?p=1349"},"modified":"2019-05-14T11:44:23","modified_gmt":"2019-05-14T09:44:23","slug":"jobboerse-fuer-gefluechtete-am-28-01-2019-im-estrel-berlin","status":"publish","type":"post","link":"https:\/\/www.socaconsult.com\/en\/jobboerse-fuer-gefluechtete-am-28-01-2019-im-estrel-berlin\/","title":{"rendered":"Jobb\u00f6rse f\u00fcr Gefl\u00fcchtete am 28.01.2019 im Estrel Berlin\/Job fair for immigrants on 28.01.2019 in the Estrel Berlin"},"content":{"rendered":"<p>Am 28. Januar 2019 findet im Estrel Berlin von 10.00 bis 16.00 Uhr die &#8220;Jobb\u00f6rse f\u00fcr Gefl\u00fcchtete und ausl\u00e4ndische Arbeitssuchende&#8221; statt. Bereits zum vierten Mal organisiert das Estrel Berlin gemeinsam mit der Bundesagentur f\u00fcr Arbeit eine Berufs- und Ausbildungsmesse f\u00fcr Zuwanderer mit Bleibeperspektive. Es gibt in Europa keine andere vergleichbare Messe dieser Art.<\/p>\n<p>Erw\u00e4hnenswert an dieser Stelle ist, dass mehr als 300.000 Gefl\u00fcchtete im letzten Jahr in Deutschland einen Job gefunden haben.<\/p>\n<p>Sind Sie noch spontan daran interessiert, Teil von der genannten Integrationsma\u00dfnahme zu werden und als Aussteller bei der Jobb\u00f6rse aufzutreten, um Zuwanderern eventuell die M\u00f6glichkeit einer Besch\u00e4ftigung in Ihrem Unternehmen zu geben?<\/p>\n<p>Mehr dazu erfahren Sie unter:<\/p>\n<p><a href=\"https:\/\/www.estrel.com\/de\/convention-center\/specialevents\/jobboerse-fuer-gefluechtete-menschen.html?gclid=EAIaIQobChMI-pC-s7mJ4AIVmOmaCh1RpgVMEAAYASAAEgJddfD_BwE\">https:\/\/www.estrel.com\/de\/convention<\/a><a href=\"https:\/\/www.estrel.com\/de\/convention-center\/specialevents\/jobboerse-fuer-gefluechtete-menschen.html?gclid=EAIaIQobChMI-pC-s7mJ4AIVmOmaCh1RpgVMEAAYASAAEgJddfD_BwE\">-center\/specialevents\/jobboerse-fuer-gefluechtete-menschen.html?gclid=EAIaIQobChMI-pC-s7mJ4AIVmOmaCh1RpgVMEAAYASAAEgJddfD_BwE<\/a><\/p>\n<p><a href=\"https:\/\/www.jobboerse-estrel.de\/de\/arbeitgeber.html\">https:\/\/www.jobboerse-estrel.de\/de\/<\/a><\/p>\n<p><a href=\"https:\/\/www.zeit.de\/wirtschaft\/2018-08\/arbeitsmarkt-fluechtlinge-integration-bundesagentur-fuer-arbeit-ausbildungsplatz\">https:\/\/www.zeit.de\/wirtschaft\/2018-08\/arbeitsmarkt-fluechtlinge-integration-bundesagentur-fuer-arbeit-ausbildungsplatz<\/a><\/p>\n<p>___________________________________<\/p>\n<p>On 28th of January 2019, the &#8220;Job Exchange for immigrants and Foreign Job Seekers&#8221; will take place in the Estrel Berlin from 10.00 to 16.00 hrs. For the fourth time, Estrel Berlin and the Federal Employment Agency are organising a vocational and training fair for immigrants with prospects of staying in Berlin. There is no other comparable fair of this kind in Europe.<\/p>\n<p>It is worth mentioning at this point that more than 300,000 refugees found a job last year in Germany.<\/p>\n<p>Are you still spontaneously interested in becoming part of this integration measure and exhibiting at the job fair in order to give immigrants the opportunity to work in your company?<\/p>\n<p>You can find out more about this under:<\/p>\n<p><a href=\"https:\/\/www.estrel.com\/de\/convention-center\/specialevents\/jobboerse-fuer-gefluechtete-menschen.html?gclid=EAIaIQobChMI-pC-s7mJ4AIVmOmaCh1RpgVMEAAYASAAEgJddfD_BwE\">https:\/\/www.estrel.com\/de\/convention-center\/specialevents\/jobboerse-fuer-gefluechtete-menschen.html?gclid=EAIaIQobChMI-pC-s7mJ4AIVmOmaCh1RpgVMEAAYASAAEgJddfD_BwE<\/a><\/p>\n<p><a href=\"https:\/\/www.jobboerse-estrel.de\/de\/\">https:\/\/www.jobboerse-estrel.de\/de\/<\/a><\/p>\n<p><a href=\"https:\/\/www.zeit.de\/wirtschaft\/2018-08\/arbeitsmarkt-fluechtlinge-integration-bundesagentur-fuer-arbeit-ausbildungsplatz\">https:\/\/www.zeit.de\/wirtschaft\/2018-08\/arbeitsmarkt-fluechtlinge-integration-bundesagentur-fuer-arbeit-ausbildungsplatz<\/a><\/p>\n","protected":false},"excerpt":{"rendered":"<p>Am 28. Januar 2019 findet im Estrel Berlin von 10.00 bis 16.00 Uhr die &#8220;Jobb\u00f6rse f\u00fcr Gefl\u00fcchtete und ausl\u00e4ndische Arbeitssuchende&#8221; statt. Bereits zum vierten Mal organisiert das Estrel Berlin gemeinsam mit der Bundesagentur f\u00fcr Arbeit eine Berufs- und Ausbildungsmesse f\u00fcr Zuwanderer mit Bleibeperspektive. Es gibt in Europa keine andere vergleichbare Messe dieser Art. Erw\u00e4hnenswert an [&hellip;]<\/p>\n","protected":false},"author":2,"featured_media":210,"comment_status":"closed","ping_status":"closed","sticky":false,"template":"","format":"standard","meta":{"_acf_changed":false,"inline_featured_image":false,"footnotes":""},"categories":[1],"tags":[],"class_list":["post-1349","post","type-post","status-publish","format-standard","has-post-thumbnail","hentry","category-allgemein"],"acf":[],"_links":{"self":[{"href":"https:\/\/www.socaconsult.com\/en\/wp-json\/wp\/v2\/posts\/1349","targetHints":{"allow":["GET"]}}],"collection":[{"href":"https:\/\/www.socaconsult.com\/en\/wp-json\/wp\/v2\/posts"}],"about":[{"href":"https:\/\/www.socaconsult.com\/en\/wp-json\/wp\/v2\/types\/post"}],"author":[{"embeddable":true,"href":"https:\/\/www.socaconsult.com\/en\/wp-json\/wp\/v2\/users\/2"}],"replies":[{"embeddable":true,"href":"https:\/\/www.socaconsult.com\/en\/wp-json\/wp\/v2\/comments?post=1349"}],"version-history":[{"count":5,"href":"https:\/\/www.socaconsult.com\/en\/wp-json\/wp\/v2\/posts\/1349\/revisions"}],"predecessor-version":[{"id":1354,"href":"https:\/\/www.socaconsult.com\/en\/wp-json\/wp\/v2\/posts\/1349\/revisions\/1354"}],"wp:featuredmedia":[{"embeddable":true,"href":"https:\/\/www.socaconsult.com\/en\/wp-json\/wp\/v2\/media\/210"}],"wp:attachment":[{"href":"https:\/\/www.socaconsult.com\/en\/wp-json\/wp\/v2\/media?parent=1349"}],"wp:term":[{"taxonomy":"category","embeddable":true,"href":"https:\/\/www.socaconsult.com\/en\/wp-json\/wp\/v2\/categories?post=1349"},{"taxonomy":"post_tag","embeddable":true,"href":"https:\/\/www.socaconsult.com\/en\/wp-json\/wp\/v2\/tags?post=1349"}],"curies":[{"name":"wp","href":"https:\/\/api.w.org\/{rel}","templated":true}]}}