{"id":1452,"date":"2019-05-20T16:42:49","date_gmt":"2019-05-20T14:42:49","guid":{"rendered":"https:\/\/www.socaconsult.com\/?p=1452"},"modified":"2019-05-20T16:42:49","modified_gmt":"2019-05-20T14:42:49","slug":"tolle-eindruecke-von-fachtagung-arbeit-bildung-und-forschung-4-0-des-vereins-fuer-arbeit-bildung-und-forschung-in-berlin-neukoelln","status":"publish","type":"post","link":"https:\/\/www.socaconsult.com\/en\/tolle-eindruecke-von-fachtagung-arbeit-bildung-und-forschung-4-0-des-vereins-fuer-arbeit-bildung-und-forschung-in-berlin-neukoelln\/","title":{"rendered":"Tolle Eindr\u00fccke von Fachtagung &#8220;Arbeit, Bildung und Forschung 4.0\u201c des Vereins f\u00fcr Arbeit, Bildung und Forschung in Berlin-Neuk\u00f6lln"},"content":{"rendered":"<p>Am 10. Mai 2019 konnte ich tolle Eindr\u00fccke sammeln auf der Fachtagung \u201eArbeit, Bildung und Forschung 4.0\u201c. Einen spannenden Einstiegsdiskurs pr\u00e4sentierte uns Herr Prof. Dr. Siegfried Greif zum Thema \u201eHumanisierung der Arbeit \u2013 Impulse f\u00fcr die Digitalisierung\u2026Digitaliserung ja, aber dabei nicht den Menschen vergessen.&#8221;<\/p>\n<p>In parallelen Foren \u00a0und Vortr\u00e4gen wurde heiss diskutiert:<\/p>\n<p>Mit Annegret Koch von der AOK Nordost diskutierten wir die unternehmerische Perspektive auf die Digitalisierung. Mit Dr. Nadja Cirulies erarbeiteten wir Orientierungspunkte f\u00fcr die Prozessbegleitung in der digitalen Transformation\u2026und Stefan Peters bot einen \u00dcberblick der Digitalisierung in verschiedenen Branchen. Martin Ciesielski zauberte mit seiner Kollegin eine Impro-Darbietung zum Thema der digitalen F\u00fchrung auf die B\u00fchne. Herr Prof. Dr. Rudolf Kerschreiter referierte \u00fcber seine Studien zur digitalen F\u00fchrung.<\/p>\n<p>Ein spannender Tag, der mich im Thema \u201eWas wird aus dem Menschen in Zeiten der Digitalisierung\u201c best\u00e4tigt. Wir k\u00f6nnen uns definitiv nicht gegen den digitalen Wandel wehren, denn wir befinden uns mittendrin. Wir sollten die fortschreitende Technologie auch nicht ablehnen, sondern den Fortschritt unbedingt begr\u00fc\u00dfen. Den digitalen Wandel vorantreibend sollten wir uns jedoch fragen, welche neuen zus\u00e4tzlichen Ma\u00dfnahmen notwendig sind, um betriebliche Besch\u00e4ftigte vor einer digitalen Ersch\u00f6pfung zu bewahren. Denn der Mensch ist biologisch gesehen nicht gemacht f\u00fcr digitales Multitasking. Er ist und bleibt ein Mensch, der gerade nicht zu einer Maschine werden soll und auch nicht werden kann.<\/p>\n<p>Rund um dieses Thema werde ich mit SOCASPORTS (www.socasports.com) ab Juni 2019 f\u00fcr Sie als Sparringspartner im Betrieblichen Gesundheitsmanagement und Inhouse-Firmenfitnessangeboten zur Seite stehen! Freuen Sie sich zudem auf einen spannenden BLOG mit Beitr\u00e4gen aus den Bereichen Ausdauersport, Fitness und Yoga &amp; Meditation. F\u00f6rdern Sie die Leistungsf\u00e4higkeit Ihrer Mitarbeitenden in digitalen Zeiten durch Konzeption eines nachhaltigen Konzepts im betrieblichen Gesundheitsmanagement und binden Sie Bewegung mit in dieses Konzept ein. In K\u00fcrze stehen wir Ihnen mit SOCASPORTS beratend zur Seite! Freuen Sie sich darauf!!<\/p>\n","protected":false},"excerpt":{"rendered":"<p>Am 10. Mai 2019 konnte ich tolle Eindr\u00fccke sammeln auf der Fachtagung \u201eArbeit, Bildung und Forschung 4.0\u201c. Einen spannenden Einstiegsdiskurs pr\u00e4sentierte uns Herr Prof. Dr. Siegfried Greif zum Thema \u201eHumanisierung der Arbeit \u2013 Impulse f\u00fcr die Digitalisierung\u2026Digitaliserung ja, aber dabei nicht den Menschen vergessen.&#8221; In parallelen Foren \u00a0und Vortr\u00e4gen wurde heiss diskutiert: Mit Annegret Koch [&hellip;]<\/p>\n","protected":false},"author":2,"featured_media":1431,"comment_status":"closed","ping_status":"closed","sticky":false,"template":"","format":"standard","meta":{"_acf_changed":false,"inline_featured_image":false,"footnotes":""},"categories":[1,6],"tags":[],"class_list":["post-1452","post","type-post","status-publish","format-standard","has-post-thumbnail","hentry","category-allgemein","category-veranstaltung"],"acf":[],"_links":{"self":[{"href":"https:\/\/www.socaconsult.com\/en\/wp-json\/wp\/v2\/posts\/1452","targetHints":{"allow":["GET"]}}],"collection":[{"href":"https:\/\/www.socaconsult.com\/en\/wp-json\/wp\/v2\/posts"}],"about":[{"href":"https:\/\/www.socaconsult.com\/en\/wp-json\/wp\/v2\/types\/post"}],"author":[{"embeddable":true,"href":"https:\/\/www.socaconsult.com\/en\/wp-json\/wp\/v2\/users\/2"}],"replies":[{"embeddable":true,"href":"https:\/\/www.socaconsult.com\/en\/wp-json\/wp\/v2\/comments?post=1452"}],"version-history":[{"count":2,"href":"https:\/\/www.socaconsult.com\/en\/wp-json\/wp\/v2\/posts\/1452\/revisions"}],"predecessor-version":[{"id":1454,"href":"https:\/\/www.socaconsult.com\/en\/wp-json\/wp\/v2\/posts\/1452\/revisions\/1454"}],"wp:featuredmedia":[{"embeddable":true,"href":"https:\/\/www.socaconsult.com\/en\/wp-json\/wp\/v2\/media\/1431"}],"wp:attachment":[{"href":"https:\/\/www.socaconsult.com\/en\/wp-json\/wp\/v2\/media?parent=1452"}],"wp:term":[{"taxonomy":"category","embeddable":true,"href":"https:\/\/www.socaconsult.com\/en\/wp-json\/wp\/v2\/categories?post=1452"},{"taxonomy":"post_tag","embeddable":true,"href":"https:\/\/www.socaconsult.com\/en\/wp-json\/wp\/v2\/tags?post=1452"}],"curies":[{"name":"wp","href":"https:\/\/api.w.org\/{rel}","templated":true}]}}